{"id":573,"date":"2022-09-01T16:35:00","date_gmt":"2022-09-01T14:35:00","guid":{"rendered":"https:\/\/tv60film.de\/tv60\/?p=573"},"modified":"2024-03-18T16:34:55","modified_gmt":"2024-03-18T15:34:55","slug":"muenchen-mord-schwarze-rosen","status":"publish","type":"post","link":"https:\/\/tv60film.de\/tv60\/muenchen-mord-schwarze-rosen\/","title":{"rendered":"M\u00fcnchen Mord &#8211; Schwarze Rosen"},"content":{"rendered":"<p><\/p>\n\n\n\n<p>Produktion: Sven Burgemeister, TV60 Filmproduktion f\u00fcr das ZDF<\/p>\n\n\n\n<p>Redaktion: Karina Ulitzsch<\/p>\n\n\n\n<p>Regie: Jan Fehse<\/p>\n\n\n\n<p>Drehbuch: Ina Jung, Friedrich Ani<\/p>\n\n\n\n<p>Schauspieler: Bernadette Heerwagen, Alexander Held, Marcus Mittermeier, Christoph S\u00fc\u00df, Sinja Dieks, Eckhard Preu\u00df, Jenny Schily, Florian Br\u00fcckner, Christian Schneller, Ursula Gottwald, Sarah Thonig, uvm.<\/p>","protected":false},"excerpt":{"rendered":"<p>Produktion: Sven Burgemeister, TV60 Filmproduktion f\u00fcr das ZDF Redaktion: Karina Ulitzsch Regie: Jan Fehse Drehbuch: Ina Jung, Friedrich Ani Schauspieler: Bernadette Heerwagen, Alexander Held, Marcus Mittermeier, Christoph S\u00fc\u00df, Sinja Dieks, Eckhard Preu\u00df, Jenny Schily, Florian Br\u00fcckner, Christian Schneller, Ursula Gottwald, Sarah Thonig, uvm.<\/p>\n","protected":false},"author":4,"featured_media":696,"comment_status":"closed","ping_status":"closed","sticky":false,"template":"","format":"standard","meta":{"_acf_changed":false,"footnotes":""},"categories":[1],"tags":[],"class_list":["post-573","post","type-post","status-publish","format-standard","has-post-thumbnail","hentry","category-allgemein"],"acf":[],"_links":{"self":[{"href":"https:\/\/tv60film.de\/tv60\/wp-json\/wp\/v2\/posts\/573"}],"collection":[{"href":"https:\/\/tv60film.de\/tv60\/wp-json\/wp\/v2\/posts"}],"about":[{"href":"https:\/\/tv60film.de\/tv60\/wp-json\/wp\/v2\/types\/post"}],"author":[{"embeddable":true,"href":"https:\/\/tv60film.de\/tv60\/wp-json\/wp\/v2\/users\/4"}],"replies":[{"embeddable":true,"href":"https:\/\/tv60film.de\/tv60\/wp-json\/wp\/v2\/comments?post=573"}],"version-history":[{"count":0,"href":"https:\/\/tv60film.de\/tv60\/wp-json\/wp\/v2\/posts\/573\/revisions"}],"wp:featuredmedia":[{"embeddable":true,"href":"https:\/\/tv60film.de\/tv60\/wp-json\/wp\/v2\/media\/696"}],"wp:attachment":[{"href":"https:\/\/tv60film.de\/tv60\/wp-json\/wp\/v2\/media?parent=573"}],"wp:term":[{"taxonomy":"category","embeddable":true,"href":"https:\/\/tv60film.de\/tv60\/wp-json\/wp\/v2\/categories?post=573"},{"taxonomy":"post_tag","embeddable":true,"href":"https:\/\/tv60film.de\/tv60\/wp-json\/wp\/v2\/tags?post=573"}],"curies":[{"name":"wp","href":"https:\/\/api.w.org\/{rel}","templated":true}]}}